{"id":5338,"date":"2023-05-17T07:00:59","date_gmt":"2023-05-17T07:00:59","guid":{"rendered":"https:\/\/asezwao.org\/peru-asez-wao\/"},"modified":"2023-07-21T07:22:34","modified_gmt":"2023-07-21T07:22:34","slug":"peru-asez-wao","status":"publish","type":"post","link":"https:\/\/asezwao.org\/es\/peru-asez-wao\/","title":{"rendered":"Ministra del Ambiente del Per\u00fa presta atenci\u00f3n a ASEZ WAO"},"content":{"rendered":"<p>La ministra del Ambiente del Per\u00fa, Albina Ruiz, que visit\u00f3 Corea para asistir al Foro para la Cooperaci\u00f3n Futura de Corea del Sur-LAC 2023, tuvo un tiempo especial con ASEZ WAO, el Grupo de J\u00f3venes Trabajadores Voluntarios de <a href=\"https:\/\/watv.org\/es\">la Iglesia de Dios Sociedad Misionera Mundial<\/a>. Ella asisti\u00f3 a la conferencia organizada por ASEZ WAO el 17 de mayo.<\/p>\n<p>La relaci\u00f3n de ASEZ WAO con la ministra Albina Ruiz se remonta a abril. Los miembros coreanos de ASEZ WAO, que visitaron Per\u00fa como miembros del Equipo de Experiencia Cultural en el Extranjero, se reunieron con la ministra del Ambiente, Albina Ruiz, mientras realizaban la limpieza con los miembros locales de ASEZ WAO, organizada por el Ministerio del Ambiente. La ministra Ruiz mostr\u00f3 gran inter\u00e9s en las actividades internacionales positivas de ASEZ WAO. Dio una conferencia en el Foro Ambiental de ASEZ WAO realizado en la Iglesia de Dios de Faucett, Per\u00fa, y prometi\u00f3 reunirse con los miembros de ASEZ WAO en su visita a Corea.<\/p>\n<p>Antes de su visita, se puso en contacto con ASEZ WAO, y los miembros le dieron la bienvenida en el Aeropuerto Internacional de Incheon en Corea el 15 de mayo. En su visita a Corea, la ministra Ruiz se reuni\u00f3 con ASEZ WAO en el Templo de la Nueva Jerusal\u00e9n en Pangyo el d\u00eda 17 para realizar una conferencia. <\/p>\n<div class=\"divide limit\">\n<figure>\n  <picture class=\"copyright\"><source media=\"(max-width:450px)\" srcset=\/wp-content\/themes\/watv\/images\/posts\/news_230517_01.jpg\"><img decoding=\"async\" src=\"\/wp-content\/themes\/watv\/images\/posts\/news_230517_01.jpg\"\n     srcset=\"\/wp-content\/themes\/watv\/images\/posts\/news_230517_01.jpg,\n             \/wp-content\/themes\/watv\/images\/posts\/news_230517_01@2x.jpg 2x\">\n  <\/picture>\n <\/figure>\n<figure>\n  <picture class=\"copyright\"><source media=\"(max-width:450px)\" srcset=\/wp-content\/themes\/watv\/images\/posts\/news_230517_02.jpg\"><img decoding=\"async\" src=\"\/wp-content\/themes\/watv\/images\/posts\/news_230517_02.jpg\"\n     srcset=\"\/wp-content\/themes\/watv\/images\/posts\/news_230517_02.jpg,\n             \/wp-content\/themes\/watv\/images\/posts\/news_230517_02@2x.jpg 2x\">\n  <\/picture>\n <\/figure>\n<\/div>\n<p>Unos quinientos miembros de ASEZ WAO de Corea asistieron a la conferencia de ASEZ WAO con la ministra del Ambiente del Per\u00fa, realizada en la sala de seminarios del Templo de la Nueva Jerusal\u00e9n en Pangyo el d\u00eda 17. El Primer Pastor Kim Joo-cheol recibi\u00f3 a la ministra Albina Ruiz, y expres\u00f3 su agradecimiento a ella y a su organizaci\u00f3n y les dio la bienvenida. El Primer Pastor Kim Joo-cheol comenz\u00f3 la conferencia con un mensaje esperanzador: \u201cSi actuamos juntos, seguramente podremos combatir el cambio clim\u00e1tico\u201d; la ministra Ruiz discuti\u00f3 las indicaciones para responder al cambio clim\u00e1tico mientras se comunicaba con los miembros de ASEZ WAO, bajo el tema \u201cUn paso m\u00e1s hacia la Tierra verde\u201d.<\/p>\n<p>Los activistas de ASEZ WAO hicieron una presentaci\u00f3n sobre sus actividades, como el Proyecto <a href=\"\/es\/green-workplace\">Lugar de Trabajo Verde<\/a>, para proteger la Tierra verde. La ministra Albina Ruiz comparti\u00f3 su experiencia y conocimiento en los esfuerzos de protecci\u00f3n ambiental, y enfatiz\u00f3 que es importante que los j\u00f3venes, los l\u00edderes de las generaciones futuras, act\u00faen para combatir el cambio clim\u00e1tico. Reson\u00f3 con el mensaje: \u201cSalvemos la Tierra de principio a fin como una sola familia\u201d, y expres\u00f3 su voluntad de apoyar generosamente las diversas actividades ambientales de ASEZ WAO. <\/p>\n<figure class=\"limit\">\n <picture class=\"copyright\"><source media=\"(max-width:450px)\" srcset=\"\/wp-content\/themes\/watv\/images\/posts\/news_230517_03.jpg\"><img decoding=\"async\" src=\"\/wp-content\/themes\/watv\/images\/posts\/news_230517_03.jpg\"\n    srcset=\"\/wp-content\/themes\/watv\/images\/posts\/news_230517_03.jpg,\n            \/wp-content\/themes\/watv\/images\/posts\/news_230517_03@2x.jpg 2x\" \/>\n <\/picture>\n<\/figure>\n<p>Mientras tanto, la ministra del Ambiente del Per\u00fa y la Iglesia de Dios firmaron un MDE y prometieron un intercambio activo y constante, y cooperaci\u00f3n para proteger el medio ambiente. La ministra Ruiz expres\u00f3 su anticipaci\u00f3n por realizar actividades con los miembros de ASEZ WAO: \u201cLo m\u00e1s importante es que los j\u00f3venes deben convertirse primero en activistas ambientales, despertar a las personas y actuar en detalle\u201d. Jang Su-yeon, miembro de ASEZ WAO (de Se\u00fal), dijo: \u201cEstoy impresionada de que la ministra Albina Ruiz haya tomado la iniciativa de resolver los problemas del medio ambiente desde su juventud. Yo tambi\u00e9n quiero ser una buena influencia en las personas que me rodean, participando en las actividades del medio ambiente de ASEZ WAO\u201d.<\/p>\n<figure class=\"limit\">\n <picture class=\"copyright\"><source media=\"(max-width:450px)\" srcset=\"\/wp-content\/themes\/watv\/images\/posts\/news_230517_04.jpg\"><img decoding=\"async\" src=\"\/wp-content\/themes\/watv\/images\/posts\/news_230517_04.jpg\"\n    srcset=\"\/wp-content\/themes\/watv\/images\/posts\/news_230517_04.jpg,\n            \/wp-content\/themes\/watv\/images\/posts\/news_230517_04@2x.jpg 2x\" \/>\n <\/picture>\n<\/figure>\n","protected":false},"excerpt":{"rendered":"La ministra del Ambiente del Per\u00fa, Albina Ruiz, que visit\u00f3 Corea para asistir al Foro para la Cooperaci\u00f3n Futura de Corea del Sur-LAC 2023, tuvo un tiempo especial con ASEZ WAO, el Grupo de J\u00f3venes Trabajadores Voluntarios de la Iglesia de Dios Sociedad Misionera Mundial. Ella asisti\u00f3 a la conferencia organizada por ASEZ WAO el&#8230;","protected":false},"author":17,"featured_media":5339,"comment_status":"closed","ping_status":"closed","sticky":false,"template":"post-type\/post-type-header-full-screen.php","format":"standard","meta":{"_monsterinsights_skip_tracking":false,"_monsterinsights_sitenote_active":false,"_monsterinsights_sitenote_note":"","_monsterinsights_sitenote_category":0,"footnotes":""},"categories":[39,38],"tags":[43],"class_list":["post-5338","post","type-post","status-publish","format-standard","has-post-thumbnail","hentry","category-korea-es","category-news-es","tag-fix-post-es"],"yoast_head":"<!-- This site is optimized with the Yoast SEO plugin v23.1 - https:\/\/yoast.com\/wordpress\/plugins\/seo\/ -->\n<title>Ministra del Ambiente del Per\u00fa presta atenci\u00f3n a ASEZ WAO - ASEZ WAO<\/title>\n<meta name=\"robots\" content=\"index, follow, max-snippet:-1, max-image-preview:large, max-video-preview:-1\" \/>\n<link rel=\"canonical\" href=\"https:\/\/asezwao.org\/es\/peru-asez-wao\/\" \/>\n<meta property=\"og:locale\" content=\"es_ES\" \/>\n<meta property=\"og:type\" content=\"article\" \/>\n<meta property=\"og:title\" content=\"Ministra del Ambiente del Per\u00fa presta atenci\u00f3n a ASEZ WAO - ASEZ WAO\" \/>\n<meta property=\"og:description\" content=\"La ministra del Ambiente del Per\u00fa, Albina Ruiz, que visit\u00f3 Corea para asistir al Foro para la Cooperaci\u00f3n Futura de Corea del Sur-LAC 2023, tuvo un tiempo especial con ASEZ WAO, el Grupo de J\u00f3venes Trabajadores Voluntarios de la Iglesia de Dios Sociedad Misionera Mundial. Ella asisti\u00f3 a la conferencia organizada por ASEZ WAO el...\" \/>\n<meta property=\"og:url\" content=\"https:\/\/asezwao.org\/es\/peru-asez-wao\/\" \/>\n<meta property=\"og:site_name\" content=\"ASEZ WAO\" \/>\n<meta property=\"article:published_time\" content=\"2023-05-17T07:00:59+00:00\" \/>\n<meta property=\"article:modified_time\" content=\"2023-07-21T07:22:34+00:00\" \/>\n<meta property=\"og:image\" content=\"https:\/\/asezwao.org\/wp-content\/uploads\/2023\/05\/thum_peru_asez_wao.jpg\" \/>\n\t<meta property=\"og:image:width\" content=\"3560\" \/>\n\t<meta property=\"og:image:height\" content=\"1800\" \/>\n\t<meta property=\"og:image:type\" content=\"image\/jpeg\" \/>\n<meta name=\"author\" content=\"ss\" \/>\n<meta name=\"twitter:card\" content=\"summary_large_image\" \/>\n<meta name=\"twitter:label1\" content=\"Escrito por\" \/>\n\t<meta name=\"twitter:data1\" content=\"ss\" \/>\n\t<meta name=\"twitter:label2\" content=\"Tiempo de lectura\" \/>\n\t<meta name=\"twitter:data2\" content=\"4 minutos\" \/>\n<script type=\"application\/ld+json\" class=\"yoast-schema-graph\">{\"@context\":\"https:\/\/schema.org\",\"@graph\":[{\"@type\":\"WebPage\",\"@id\":\"https:\/\/asezwao.org\/es\/peru-asez-wao\/\",\"url\":\"https:\/\/asezwao.org\/es\/peru-asez-wao\/\",\"name\":\"Ministra del Ambiente del Per\u00fa presta atenci\u00f3n a ASEZ WAO - ASEZ WAO\",\"isPartOf\":{\"@id\":\"https:\/\/asezwao.org\/es\/#website\"},\"primaryImageOfPage\":{\"@id\":\"https:\/\/asezwao.org\/es\/peru-asez-wao\/#primaryimage\"},\"image\":{\"@id\":\"https:\/\/asezwao.org\/es\/peru-asez-wao\/#primaryimage\"},\"thumbnailUrl\":\"https:\/\/asezwao.org\/wp-content\/uploads\/2023\/05\/thum_peru_asez_wao.jpg\",\"datePublished\":\"2023-05-17T07:00:59+00:00\",\"dateModified\":\"2023-07-21T07:22:34+00:00\",\"author\":{\"@id\":\"https:\/\/asezwao.org\/es\/#\/schema\/person\/fe4f89247b9e9eb012886943e3945f8f\"},\"breadcrumb\":{\"@id\":\"https:\/\/asezwao.org\/es\/peru-asez-wao\/#breadcrumb\"},\"inLanguage\":\"es\",\"potentialAction\":[{\"@type\":\"ReadAction\",\"target\":[\"https:\/\/asezwao.org\/es\/peru-asez-wao\/\"]}]},{\"@type\":\"ImageObject\",\"inLanguage\":\"es\",\"@id\":\"https:\/\/asezwao.org\/es\/peru-asez-wao\/#primaryimage\",\"url\":\"https:\/\/asezwao.org\/wp-content\/uploads\/2023\/05\/thum_peru_asez_wao.jpg\",\"contentUrl\":\"https:\/\/asezwao.org\/wp-content\/uploads\/2023\/05\/thum_peru_asez_wao.jpg\",\"width\":3560,\"height\":1800},{\"@type\":\"BreadcrumbList\",\"@id\":\"https:\/\/asezwao.org\/es\/peru-asez-wao\/#breadcrumb\",\"itemListElement\":[{\"@type\":\"ListItem\",\"position\":1,\"name\":\"Home\",\"item\":\"https:\/\/asezwao.org\/es\/\"},{\"@type\":\"ListItem\",\"position\":2,\"name\":\"Ministra del Ambiente del Per\u00fa presta atenci\u00f3n a ASEZ WAO\"}]},{\"@type\":\"WebSite\",\"@id\":\"https:\/\/asezwao.org\/es\/#website\",\"url\":\"https:\/\/asezwao.org\/es\/\",\"name\":\"ASEZ WAO\",\"description\":\"Grupo de J\u00f3venes Trabajadores Voluntarios de la Iglesia de Dios\",\"potentialAction\":[{\"@type\":\"SearchAction\",\"target\":{\"@type\":\"EntryPoint\",\"urlTemplate\":\"https:\/\/asezwao.org\/es\/?s={search_term_string}\"},\"query-input\":\"required name=search_term_string\"}],\"inLanguage\":\"es\"},{\"@type\":\"Person\",\"@id\":\"https:\/\/asezwao.org\/es\/#\/schema\/person\/fe4f89247b9e9eb012886943e3945f8f\",\"name\":\"ss\"}]}<\/script>\n<!-- \/ Yoast SEO plugin. -->","yoast_head_json":{"title":"Ministra del Ambiente del Per\u00fa presta atenci\u00f3n a ASEZ WAO - ASEZ WAO","robots":{"index":"index","follow":"follow","max-snippet":"max-snippet:-1","max-image-preview":"max-image-preview:large","max-video-preview":"max-video-preview:-1"},"canonical":"https:\/\/asezwao.org\/es\/peru-asez-wao\/","og_locale":"es_ES","og_type":"article","og_title":"Ministra del Ambiente del Per\u00fa presta atenci\u00f3n a ASEZ WAO - ASEZ WAO","og_description":"La ministra del Ambiente del Per\u00fa, Albina Ruiz, que visit\u00f3 Corea para asistir al Foro para la Cooperaci\u00f3n Futura de Corea del Sur-LAC 2023, tuvo un tiempo especial con ASEZ WAO, el Grupo de J\u00f3venes Trabajadores Voluntarios de la Iglesia de Dios Sociedad Misionera Mundial. Ella asisti\u00f3 a la conferencia organizada por ASEZ WAO el...","og_url":"https:\/\/asezwao.org\/es\/peru-asez-wao\/","og_site_name":"ASEZ WAO","article_published_time":"2023-05-17T07:00:59+00:00","article_modified_time":"2023-07-21T07:22:34+00:00","og_image":[{"width":3560,"height":1800,"url":"https:\/\/asezwao.org\/wp-content\/uploads\/2023\/05\/thum_peru_asez_wao.jpg","type":"image\/jpeg"}],"author":"ss","twitter_card":"summary_large_image","twitter_misc":{"Escrito por":"ss","Tiempo de lectura":"4 minutos"},"schema":{"@context":"https:\/\/schema.org","@graph":[{"@type":"WebPage","@id":"https:\/\/asezwao.org\/es\/peru-asez-wao\/","url":"https:\/\/asezwao.org\/es\/peru-asez-wao\/","name":"Ministra del Ambiente del Per\u00fa presta atenci\u00f3n a ASEZ WAO - ASEZ WAO","isPartOf":{"@id":"https:\/\/asezwao.org\/es\/#website"},"primaryImageOfPage":{"@id":"https:\/\/asezwao.org\/es\/peru-asez-wao\/#primaryimage"},"image":{"@id":"https:\/\/asezwao.org\/es\/peru-asez-wao\/#primaryimage"},"thumbnailUrl":"https:\/\/asezwao.org\/wp-content\/uploads\/2023\/05\/thum_peru_asez_wao.jpg","datePublished":"2023-05-17T07:00:59+00:00","dateModified":"2023-07-21T07:22:34+00:00","author":{"@id":"https:\/\/asezwao.org\/es\/#\/schema\/person\/fe4f89247b9e9eb012886943e3945f8f"},"breadcrumb":{"@id":"https:\/\/asezwao.org\/es\/peru-asez-wao\/#breadcrumb"},"inLanguage":"es","potentialAction":[{"@type":"ReadAction","target":["https:\/\/asezwao.org\/es\/peru-asez-wao\/"]}]},{"@type":"ImageObject","inLanguage":"es","@id":"https:\/\/asezwao.org\/es\/peru-asez-wao\/#primaryimage","url":"https:\/\/asezwao.org\/wp-content\/uploads\/2023\/05\/thum_peru_asez_wao.jpg","contentUrl":"https:\/\/asezwao.org\/wp-content\/uploads\/2023\/05\/thum_peru_asez_wao.jpg","width":3560,"height":1800},{"@type":"BreadcrumbList","@id":"https:\/\/asezwao.org\/es\/peru-asez-wao\/#breadcrumb","itemListElement":[{"@type":"ListItem","position":1,"name":"Home","item":"https:\/\/asezwao.org\/es\/"},{"@type":"ListItem","position":2,"name":"Ministra del Ambiente del Per\u00fa presta atenci\u00f3n a ASEZ WAO"}]},{"@type":"WebSite","@id":"https:\/\/asezwao.org\/es\/#website","url":"https:\/\/asezwao.org\/es\/","name":"ASEZ WAO","description":"Grupo de J\u00f3venes Trabajadores Voluntarios de la Iglesia de Dios","potentialAction":[{"@type":"SearchAction","target":{"@type":"EntryPoint","urlTemplate":"https:\/\/asezwao.org\/es\/?s={search_term_string}"},"query-input":"required name=search_term_string"}],"inLanguage":"es"},{"@type":"Person","@id":"https:\/\/asezwao.org\/es\/#\/schema\/person\/fe4f89247b9e9eb012886943e3945f8f","name":"ss"}]}},"fimg_url":"https:\/\/asezwao.org\/wp-content\/uploads\/2023\/05\/thum_peru_asez_wao.jpg","featured_image_url":"https:\/\/asezwao.org\/wp-content\/uploads\/2023\/05\/thum_peru_asez_wao.jpg","_links":{"self":[{"href":"https:\/\/asezwao.org\/es\/wp-json\/wp\/v2\/posts\/5338"}],"collection":[{"href":"https:\/\/asezwao.org\/es\/wp-json\/wp\/v2\/posts"}],"about":[{"href":"https:\/\/asezwao.org\/es\/wp-json\/wp\/v2\/types\/post"}],"author":[{"embeddable":true,"href":"https:\/\/asezwao.org\/es\/wp-json\/wp\/v2\/users\/17"}],"replies":[{"embeddable":true,"href":"https:\/\/asezwao.org\/es\/wp-json\/wp\/v2\/comments?post=5338"}],"version-history":[{"count":1,"href":"https:\/\/asezwao.org\/es\/wp-json\/wp\/v2\/posts\/5338\/revisions"}],"predecessor-version":[{"id":5340,"href":"https:\/\/asezwao.org\/es\/wp-json\/wp\/v2\/posts\/5338\/revisions\/5340"}],"wp:featuredmedia":[{"embeddable":true,"href":"https:\/\/asezwao.org\/es\/wp-json\/wp\/v2\/media\/5339"}],"wp:attachment":[{"href":"https:\/\/asezwao.org\/es\/wp-json\/wp\/v2\/media?parent=5338"}],"wp:term":[{"taxonomy":"category","embeddable":true,"href":"https:\/\/asezwao.org\/es\/wp-json\/wp\/v2\/categories?post=5338"},{"taxonomy":"post_tag","embeddable":true,"href":"https:\/\/asezwao.org\/es\/wp-json\/wp\/v2\/tags?post=5338"}],"curies":[{"name":"wp","href":"https:\/\/api.w.org\/{rel}","templated":true}]}}